{"id":2909,"date":"2025-08-20T15:48:00","date_gmt":"2025-08-20T13:48:00","guid":{"rendered":"https:\/\/gok.jaswily.pl\/?p=2909"},"modified":"2026-03-06T12:54:28","modified_gmt":"2026-03-06T11:54:28","slug":"like-dla-kultury-w-obiektywie","status":"publish","type":"post","link":"https:\/\/gok.jaswily.pl\/index.php\/2025\/08\/20\/like-dla-kultury-w-obiektywie\/","title":{"rendered":"Like dla Kultury w obiektywie!"},"content":{"rendered":"\n<p>Naszym przewodnikiem po \u015bwiecie kadr\u00f3w by\u0142a Ma\u0142gorzata Pawelczyk \u2013 fotografka z pasj\u0105, informatyk, mi\u0142o\u015bniczka podr\u00f3\u017cy i niestrudzona odkrywczyni podlaskich cud\u00f3w natury. Od lat uwiecznia pi\u0119kno Podlasia \u2013 od zapomnianych wioseczek po bajeczne krajobrazy nad Biebrz\u0105. Jest te\u017c inicjatork\u0105 \u201eLajkowych spotka\u0144 z fotografi\u0105\u201d i cz\u0142onkiem wielu presti\u017cowych stowarzysze\u0144 fotograficznych.<\/p>\n\n\n\n<p><img decoding=\"async\" height=\"16\" width=\"16\" alt=\"\ud83d\udcd6\" src=\"https:\/\/static.xx.fbcdn.net\/images\/emoji.php\/v9\/t9e\/1\/16\/1f4d6.png\"> Najpierw by\u0142 kr\u00f3tki wyk\u0142ad, podczas kt\u00f3rego dowiedzieli\u015bmy si\u0119, \u017ce aparat to nie tylko sprz\u0119t, ale przede wszystkim\u2026 oko i serce fotografa <img decoding=\"async\" height=\"16\" width=\"16\" alt=\"\u2764\ufe0f\" src=\"https:\/\/static.xx.fbcdn.net\/images\/emoji.php\/v9\/t6c\/1\/16\/2764.png\"><img decoding=\"async\" height=\"16\" width=\"16\" alt=\"\ud83d\udc40\" src=\"https:\/\/static.xx.fbcdn.net\/images\/emoji.php\/v9\/tc8\/1\/16\/1f440.png\">.<\/p>\n\n\n\n<p><img loading=\"lazy\" decoding=\"async\" height=\"16\" width=\"16\" alt=\"\ud83c\udf3c\" src=\"https:\/\/static.xx.fbcdn.net\/images\/emoji.php\/v9\/t9b\/1\/16\/1f33c.png\"> A potem ruszyli\u015bmy w teren \u2013 w plenery nad Biebrz\u0105! Fotografowali\u015bmy kwiaty, \u0142\u0105ki i ca\u0142\u0105 magi\u0119 podlaskiej przyrody. Dzieci i m\u0142odzie\u017c z ogromnym zaanga\u017cowaniem \u0142apa\u0142y w kadry to, co cz\u0119sto nam umyka \u2013 drobne cuda natury.<\/p>\n\n\n\n<p>Efekty? <img loading=\"lazy\" decoding=\"async\" height=\"16\" width=\"16\" alt=\"\ud83e\udd29\" src=\"https:\/\/static.xx.fbcdn.net\/images\/emoji.php\/v9\/t58\/1\/16\/1f929.png\"> Ju\u017c nie mo\u017cemy si\u0119 doczeka\u0107, bo zobaczycie je na specjalnej wystawie na zako\u0144czenie projektu! <img loading=\"lazy\" decoding=\"async\" height=\"16\" width=\"16\" alt=\"\ud83c\udf89\" src=\"https:\/\/static.xx.fbcdn.net\/images\/emoji.php\/v9\/t8c\/1\/16\/1f389.png\"><\/p>\n\n\n\n<p>Dzi\u0119kujemy Pani Ma\u0142gorzacie za inspiruj\u0105ce spotkanie i za to, \u017ce nauczy\u0142a nas patrze\u0107 na \u015bwiat troch\u0119 inaczej \u2013 z ciekawo\u015bci\u0105 i u\u015bmiechem. <img loading=\"lazy\" decoding=\"async\" height=\"16\" width=\"16\" alt=\"\ud83d\udcf7\" src=\"https:\/\/static.xx.fbcdn.net\/images\/emoji.php\/v9\/t5d\/1\/16\/1f4f7.png\"><img loading=\"lazy\" decoding=\"async\" height=\"16\" width=\"16\" alt=\"\ud83d\udc9a\" src=\"https:\/\/static.xx.fbcdn.net\/images\/emoji.php\/v9\/t94\/1\/16\/1f49a.png\"><\/p>\n\n\n\n<p>Nasze zaj\u0119cia odbywaj\u0105 si\u0119 w ramach programu Kulturalny ORLEN!<\/p>\n\n\n\n<p>Partnerem dzia\u0142a\u0144 i projekt\u00f3w kulturalnych organizowanych przez Gminny O\u015brodek Kultury w Ja\u015bwi\u0142ach jest <a href=\"https:\/\/www.facebook.com\/fundacjaorlenlukasiewicza?__cft__[0]=AZXLxuDjYzDcrN-wYfwejWfPkR6KjJRXKwVffsEYJEuR05d9v1B7ykL9kHHg_hC8f51g0MmJO03OQSUNqW8UUMOeI0FJG2AKqsQGkLcsBF7lmfb4C2A6usyBFIaRJavsQIbE5ZuBOz2dTGdCMNEFrQnspzDulwwW_jQ9_2vEvA_kS46YgoJG6cx0xF7v11r_azZyYV7olofRAe4SmM6RtmCJ&amp;__tn__=-]K-R\">Fundacja ORLEN im. Ignacego \u0141ukasiewicza<\/a>.<\/p>\n\n\n\n<p><a href=\"https:\/\/www.facebook.com\/hashtag\/kulturalnyorlen?__eep__=6&amp;__cft__[0]=AZXLxuDjYzDcrN-wYfwejWfPkR6KjJRXKwVffsEYJEuR05d9v1B7ykL9kHHg_hC8f51g0MmJO03OQSUNqW8UUMOeI0FJG2AKqsQGkLcsBF7lmfb4C2A6usyBFIaRJavsQIbE5ZuBOz2dTGdCMNEFrQnspzDulwwW_jQ9_2vEvA_kS46YgoJG6cx0xF7v11r_azZyYV7olofRAe4SmM6RtmCJ&amp;__tn__=*NK-R\">#KulturalnyORLEN<\/a><a href=\"https:\/\/www.facebook.com\/hashtag\/kulturadajedobraenergia?__eep__=6&amp;__cft__[0]=AZXLxuDjYzDcrN-wYfwejWfPkR6KjJRXKwVffsEYJEuR05d9v1B7ykL9kHHg_hC8f51g0MmJO03OQSUNqW8UUMOeI0FJG2AKqsQGkLcsBF7lmfb4C2A6usyBFIaRJavsQIbE5ZuBOz2dTGdCMNEFrQnspzDulwwW_jQ9_2vEvA_kS46YgoJG6cx0xF7v11r_azZyYV7olofRAe4SmM6RtmCJ&amp;__tn__=*NK-R\">#KulturaDajeDobraEnergia<\/a><\/p>\n\n\n\n<figure class=\"wp-block-video\"><video height=\"900\" style=\"aspect-ratio: 1000 \/ 900;\" width=\"1000\" controls src=\"https:\/\/biblioteka.jaswily.pl\/wp-content\/uploads\/2025\/08\/AQPqvBDuUCVy-0ReFJwmvUJ0Ag9_xZpxoZkRTgQKgmhpB_TS5b6biKLmH_ixUqcL-g_ck5EKAxbFoezCc_0FCkzp4rDxOEx8IvnguxB9cSAFkQ.mp4\"><\/video><\/figure>\n\n\n\n<p><\/p>\n","protected":false},"excerpt":{"rendered":"<p>Naszym przewodnikiem po \u015bwiecie kadr\u00f3w by\u0142a Ma\u0142gorzata Pawelczyk \u2013 fotografka z pasj\u0105, informatyk, mi\u0142o\u015bniczka podr\u00f3\u017cy i niestrudzona odkrywczyni podlaskich cud\u00f3w natury. Od lat uwiecznia pi\u0119kno Podlasia \u2013 od zapomnianych wioseczek po bajeczne krajobrazy nad Biebrz\u0105. Jest te\u017c inicjatork\u0105 \u201eLajkowych spotka\u0144 z fotografi\u0105\u201d i cz\u0142onkiem wielu presti\u017cowych stowarzysze\u0144 fotograficznych. Najpierw by\u0142 kr\u00f3tki wyk\u0142ad, podczas kt\u00f3rego dowiedzieli\u015bmy [&hellip;]<\/p>\n","protected":false},"author":3,"featured_media":2910,"comment_status":"closed","ping_status":"closed","sticky":false,"template":"","format":"standard","meta":{"footnotes":""},"categories":[25],"tags":[],"class_list":["post-2909","post","type-post","status-publish","format-standard","has-post-thumbnail","hentry","category-aktualnosci"],"_links":{"self":[{"href":"https:\/\/gok.jaswily.pl\/index.php\/wp-json\/wp\/v2\/posts\/2909","targetHints":{"allow":["GET"]}}],"collection":[{"href":"https:\/\/gok.jaswily.pl\/index.php\/wp-json\/wp\/v2\/posts"}],"about":[{"href":"https:\/\/gok.jaswily.pl\/index.php\/wp-json\/wp\/v2\/types\/post"}],"author":[{"embeddable":true,"href":"https:\/\/gok.jaswily.pl\/index.php\/wp-json\/wp\/v2\/users\/3"}],"replies":[{"embeddable":true,"href":"https:\/\/gok.jaswily.pl\/index.php\/wp-json\/wp\/v2\/comments?post=2909"}],"version-history":[{"count":1,"href":"https:\/\/gok.jaswily.pl\/index.php\/wp-json\/wp\/v2\/posts\/2909\/revisions"}],"predecessor-version":[{"id":2911,"href":"https:\/\/gok.jaswily.pl\/index.php\/wp-json\/wp\/v2\/posts\/2909\/revisions\/2911"}],"wp:featuredmedia":[{"embeddable":true,"href":"https:\/\/gok.jaswily.pl\/index.php\/wp-json\/wp\/v2\/media\/2910"}],"wp:attachment":[{"href":"https:\/\/gok.jaswily.pl\/index.php\/wp-json\/wp\/v2\/media?parent=2909"}],"wp:term":[{"taxonomy":"category","embeddable":true,"href":"https:\/\/gok.jaswily.pl\/index.php\/wp-json\/wp\/v2\/categories?post=2909"},{"taxonomy":"post_tag","embeddable":true,"href":"https:\/\/gok.jaswily.pl\/index.php\/wp-json\/wp\/v2\/tags?post=2909"}],"curies":[{"name":"wp","href":"https:\/\/api.w.org\/{rel}","templated":true}]}}